{"id":1444,"date":"2025-12-20T11:26:23","date_gmt":"2025-12-20T11:26:23","guid":{"rendered":"https:\/\/www.kinatahtikiralama.com\/?p=1444"},"modified":"2025-12-20T11:26:24","modified_gmt":"2025-12-20T11:26:24","slug":"istanbul-kina-arka-plan-kiralama","status":"publish","type":"post","link":"https:\/\/www.kinatahtikiralama.com\/index.php\/2025\/12\/20\/istanbul-kina-arka-plan-kiralama\/","title":{"rendered":"\u0130stanbul K\u0131na Arka Plan kiralama"},"content":{"rendered":"\n<h2 class=\"wp-block-heading\">\u0130stanbul K\u0131na Arka Plan Kiralama ve K\u0131na Koltu\u011fu Kiralama: G\u00f6rkemli Bir Geceye Haz\u0131r M\u0131s\u0131n\u0131z?<\/h2>\n\n\n\n<p>\u0130stanbul K\u0131na Arka Plan kiralama  K\u0131na gecesi organizasyonlar\u0131n\u0131n ruhunu belirleyen en temel iki unsur; gelinin oturdu\u011fu o g\u00f6rkemli koltuk ve foto\u011fraflarda derinlik yaratan \u015f\u0131k arka pland\u0131r. <strong>\u00d6zellikle<\/strong> son y\u0131llarda dekorasyonda g\u00f6rselli\u011fin \u00f6n plana \u00e7\u0131kmas\u0131yla birlikte, <strong>k\u0131na arka plan kiralama<\/strong> hizmeti gelin adaylar\u0131 i\u00e7in vazge\u00e7ilmez bir ihtiya\u00e7 haline gelmi\u015ftir. Hayalinizdeki o masals\u0131 atmosferi olu\u015fturmak i\u00e7in profesyonel \u00e7\u00f6z\u00fcmlerimizle yan\u0131n\u0131zday\u0131z.<\/p>\n\n\n\n<figure class=\"wp-block-image size-large\"><img loading=\"lazy\" decoding=\"async\" width=\"1024\" height=\"768\" src=\"https:\/\/www.kinatahtikiralama.com\/wp-content\/uploads\/2025\/08\/kina-tahti-1024x768.jpg\" alt=\"\u0130stanbul K\u0131na Arka Plan kiralama \" class=\"wp-image-1442\" srcset=\"https:\/\/www.kinatahtikiralama.com\/wp-content\/uploads\/2025\/08\/kina-tahti-1024x768.jpg 1024w, https:\/\/www.kinatahtikiralama.com\/wp-content\/uploads\/2025\/08\/kina-tahti-300x225.jpg 300w, https:\/\/www.kinatahtikiralama.com\/wp-content\/uploads\/2025\/08\/kina-tahti-768x576.jpg 768w, https:\/\/www.kinatahtikiralama.com\/wp-content\/uploads\/2025\/08\/kina-tahti.jpg 1333w\" sizes=\"auto, (max-width: 1024px) 100vw, 1024px\" \/><\/figure>\n\n\n\n<h3 class=\"wp-block-heading\">K\u0131na Koltu\u011fu Se\u00e7erken Nelere Dikkat Edilmeli?<\/h3>\n\n\n\n<p>Bir k\u0131na gecesinin odak noktas\u0131 her zaman gelindir. <strong>Bundan dolay\u0131<\/strong>, se\u00e7ece\u011finiz koltu\u011fun hem konforlu olmas\u0131 hem de mekan\u0131n genel konseptiyle uyum sa\u011flamas\u0131 gerekir. <strong>K\u0131na koltu\u011fu kiralama<\/strong> se\u00e7eneklerimizde konforu estetikle birle\u015ftiriyoruz.<\/p>\n\n\n\n<ul class=\"wp-block-list\">\n<li><strong>Renk Uyumu:<\/strong> K\u0131nan\u0131n vazge\u00e7ilmezi k\u0131rm\u0131z\u0131dan, son d\u00f6nemin trendi olan pudra ve z\u00fcmr\u00fct ye\u015filine kadar geni\u015f renk se\u00e7enekleri sunuyoruz.<\/li>\n\n\n\n<li><strong>Tasar\u0131m \u00c7e\u015fitlili\u011fi:<\/strong> Modern, vintage ya da avangart modeller aras\u0131ndan tarz\u0131n\u0131za en yak\u0131n olan\u0131 belirleyebilirsiniz.<\/li>\n\n\n\n<li><strong>Kalite:<\/strong> <strong>Ayr\u0131ca<\/strong>, kulland\u0131\u011f\u0131m\u0131z t\u00fcm d\u00f6\u015femeler ve s\u00fcslemeler birinci s\u0131n\u0131f malzemelerden se\u00e7ilerek gece boyunca ihti\u015fam\u0131n\u0131 korur.<\/li>\n<\/ul>\n\n\n\n<figure class=\"wp-block-image size-large\"><img loading=\"lazy\" decoding=\"async\" width=\"1024\" height=\"768\" src=\"https:\/\/www.kinatahtikiralama.com\/wp-content\/uploads\/2025\/08\/kina-tahti-kiralama-fiyatlari-1024x768.jpg\" alt=\"\u0130stanbul K\u0131na Arka Plan kiralama \" class=\"wp-image-1440\" srcset=\"https:\/\/www.kinatahtikiralama.com\/wp-content\/uploads\/2025\/08\/kina-tahti-kiralama-fiyatlari-1024x768.jpg 1024w, https:\/\/www.kinatahtikiralama.com\/wp-content\/uploads\/2025\/08\/kina-tahti-kiralama-fiyatlari-300x225.jpg 300w, https:\/\/www.kinatahtikiralama.com\/wp-content\/uploads\/2025\/08\/kina-tahti-kiralama-fiyatlari-768x576.jpg 768w, https:\/\/www.kinatahtikiralama.com\/wp-content\/uploads\/2025\/08\/kina-tahti-kiralama-fiyatlari.jpg 1333w\" sizes=\"auto, (max-width: 1024px) 100vw, 1024px\" \/><\/figure>\n\n\n\n<h3 class=\"wp-block-heading\">Foto\u011fraflar\u0131n Vazge\u00e7ilmezi: K\u0131na Arka Plan Kiralama<\/h3>\n\n\n\n<p>Misafirlerinizle \u00e7ektirece\u011finiz foto\u011fraflar\u0131n arkas\u0131nda s\u0131radan bir duvar yerine, \u00e7i\u00e7eklerle bezenmi\u015f veya \u015f\u0131k panellerle s\u00fcslenmi\u015f bir dekor olsun istemez misiniz? <strong>Buna ek olarak<\/strong>, arka plan s\u00fcslemeleri mekan\u0131n derinli\u011fini art\u0131rarak profesyonel bir \u00e7ekim alan\u0131 olu\u015fturur.<\/p>\n\n\n\n<p><strong>\u00d6rne\u011fin<\/strong>, dairesel \u00e7i\u00e7ekli taglar, led \u0131\u015f\u0131kl\u0131 paneller veya kadife arka planlar en \u00e7ok tercih edilen modellerimiz aras\u0131ndad\u0131r. <strong>K\u0131sacas\u0131<\/strong>, sadece bir koltuk de\u011fil, bir sahne tasar\u0131m\u0131 sunuyoruz.<\/p>\n\n\n\n<figure class=\"wp-block-image size-large\"><img loading=\"lazy\" decoding=\"async\" width=\"1024\" height=\"768\" src=\"https:\/\/www.kinatahtikiralama.com\/wp-content\/uploads\/2025\/08\/kina-tahti-kiralama-fiyati-1024x768.jpg\" alt=\"\" class=\"wp-image-1438\" srcset=\"https:\/\/www.kinatahtikiralama.com\/wp-content\/uploads\/2025\/08\/kina-tahti-kiralama-fiyati-1024x768.jpg 1024w, https:\/\/www.kinatahtikiralama.com\/wp-content\/uploads\/2025\/08\/kina-tahti-kiralama-fiyati-300x225.jpg 300w, https:\/\/www.kinatahtikiralama.com\/wp-content\/uploads\/2025\/08\/kina-tahti-kiralama-fiyati-768x576.jpg 768w, https:\/\/www.kinatahtikiralama.com\/wp-content\/uploads\/2025\/08\/kina-tahti-kiralama-fiyati.jpg 1333w\" sizes=\"auto, (max-width: 1024px) 100vw, 1024px\" \/><\/figure>\n\n\n\n<h3 class=\"wp-block-heading\">Neden Bizimle \u00c7al\u0131\u015fmal\u0131s\u0131n\u0131z?<\/h3>\n\n\n\n<p>\u0130stanbul genelinde verdi\u011fimiz hizmetlerde m\u00fc\u015fteri memnuniyetini her zaman ilk s\u0131rada tutuyoruz. <strong>\u00c7\u00fcnk\u00fc<\/strong> bu \u00f6zel gecenin tekrar\u0131 olmad\u0131\u011f\u0131n\u0131 ve her detay\u0131n\u0131n kusursuz olmas\u0131 gerekti\u011fini biliyoruz.<\/p>\n\n\n\n<ol start=\"1\" class=\"wp-block-list\">\n<li><strong>H\u0131zl\u0131 Kurulum:<\/strong> Ekibimiz, etkinlik ba\u015flamadan saatler \u00f6nce mekana gelerek kurulumu tamamlar.<\/li>\n\n\n\n<li><strong>Hijyen Standartlar\u0131:<\/strong> Koltuk ve arka plan kuma\u015flar\u0131m\u0131z her kiralama sonras\u0131 dezenfekte edilir.<\/li>\n\n\n\n<li><strong>Uygun Fiyat Garantisi:<\/strong> <strong>Sonu\u00e7 olarak<\/strong>, \u0130stanbul kiral\u0131k k\u0131na ekipmanlar\u0131 piyasas\u0131nda kaliteyi en uygun fiyatlarla sunmay\u0131 hedefliyoruz.<\/li>\n<\/ol>\n\n\n\n<figure class=\"wp-block-image size-full\"><img loading=\"lazy\" decoding=\"async\" width=\"1333\" height=\"1000\" src=\"https:\/\/www.kinatahtikiralama.com\/wp-content\/uploads\/2025\/12\/kina-gecesi.jpg\" alt=\"\" class=\"wp-image-1379\" srcset=\"https:\/\/www.kinatahtikiralama.com\/wp-content\/uploads\/2025\/12\/kina-gecesi.jpg 1333w, https:\/\/www.kinatahtikiralama.com\/wp-content\/uploads\/2025\/12\/kina-gecesi-300x225.jpg 300w, https:\/\/www.kinatahtikiralama.com\/wp-content\/uploads\/2025\/12\/kina-gecesi-1024x768.jpg 1024w, https:\/\/www.kinatahtikiralama.com\/wp-content\/uploads\/2025\/12\/kina-gecesi-768x576.jpg 768w\" sizes=\"auto, (max-width: 1333px) 100vw, 1333px\" \/><\/figure>\n\n\n\n<h3 class=\"wp-block-heading\">Detayl\u0131 Bilgi ve Rezervasyon<\/h3>\n\n\n\n<p>Hayalinizdeki geceyi \u015fansa b\u0131rakmay\u0131n. <strong><a href=\"https:\/\/www.kinatahtikiralama.com\/\">Kiral\u0131k k\u0131na koltu\u011fu<\/a><\/strong> ve \u015f\u0131k arka plan se\u00e7eneklerimizi yak\u0131ndan incelemek, b\u00fct\u00e7enize uygun teklifler almak i\u00e7in bizimle ileti\u015fime ge\u00e7ebilirsiniz.<\/p>\n\n\n\n<blockquote class=\"wp-block-quote is-layout-flow wp-block-quote-is-layout-flow\">\n<p><strong>\u0130leti\u015fim Hatt\u0131:<\/strong> 0544 328 09 42<\/p>\n\n\n\n<p><strong>Hizmet B\u00f6lgesi:<\/strong> \u0130stanbul (T\u00fcm il\u00e7eler)<\/p>\n<\/blockquote>\n\n\n\n<h2 class=\"wp-block-heading\">\u0130stanbul K\u0131na Konsepti Kiralama: Masals\u0131 Bir Gece \u0130\u00e7in Profesyonel Dokunu\u015flar<\/h2>\n\n\n\n<p>K\u0131na gecesi, geleneksel ba\u011flar\u0131m\u0131z\u0131n en zarif \u015fekilde sergilendi\u011fi, her detay\u0131yla \u00f6zen isteyen bir organizasyondur. Gelin adaylar\u0131 i\u00e7in bu gece sadece bir veda de\u011fil, ayn\u0131 zamanda yeni bir ba\u015flang\u0131c\u0131n en g\u00f6rkemli kutlamas\u0131d\u0131r. <strong>\u00d6zellikle<\/strong> son y\u0131llarda de\u011fi\u015fen trendlerle birlikte, standart bir kutlama yerine belirli bir tema \u00fczerinden ilerleyen organizasyonlar \u00e7ok daha pop\u00fcler hale geldi. <strong>Bu nedenle<\/strong>, <strong>\u0130stanbul k\u0131na <a href=\"https:\/\/www.hatiraorganizasyon.com\/\">konsepti kiralama<\/a><\/strong> hizmetimizle hayalinizdeki o e\u015fsiz atmosferi kap\u0131n\u0131za getiriyoruz.<\/p>\n\n\n\n<figure class=\"wp-block-image size-large\"><img loading=\"lazy\" decoding=\"async\" width=\"1024\" height=\"768\" src=\"https:\/\/www.kinatahtikiralama.com\/wp-content\/uploads\/2025\/12\/kina-arka-plan-1024x768.jpg\" alt=\"\" class=\"wp-image-1445\" srcset=\"https:\/\/www.kinatahtikiralama.com\/wp-content\/uploads\/2025\/12\/kina-arka-plan-1024x768.jpg 1024w, https:\/\/www.kinatahtikiralama.com\/wp-content\/uploads\/2025\/12\/kina-arka-plan-300x225.jpg 300w, https:\/\/www.kinatahtikiralama.com\/wp-content\/uploads\/2025\/12\/kina-arka-plan-768x576.jpg 768w, https:\/\/www.kinatahtikiralama.com\/wp-content\/uploads\/2025\/12\/kina-arka-plan.jpg 1365w\" sizes=\"auto, (max-width: 1024px) 100vw, 1024px\" \/><\/figure>\n\n\n\n<h3 class=\"wp-block-heading\">Her Zevke Hitap Eden K\u0131na Konseptleri<\/h3>\n\n\n\n<p>Modern bir dokunu\u015f mu ar\u0131yorsunuz yoksa saray usul\u00fc bir ihti\u015fam m\u0131? <strong>\u00d6ncelikle<\/strong> belirtmek gerekir ki, konsept se\u00e7imi mekan\u0131n ruhunu tamamen de\u011fi\u015ftirir. <strong>Bundan dolay\u0131<\/strong>, en \u00e7ok tercih edilen ve trend olan \u015fu se\u00e7enekleri sizlerin be\u011fenisine sunuyoruz:<\/p>\n\n\n\n<ul class=\"wp-block-list\">\n<li><strong>Hint Konsepti:<\/strong> Rengarenk kuma\u015flar, egzotik minderler ve canl\u0131 aksesuarlar ile al\u0131\u015f\u0131lm\u0131\u015f\u0131n d\u0131\u015f\u0131nda bir gece.<\/li>\n\n\n\n<li><strong>Osmanl\u0131 Saray Konsepti:<\/strong> K\u0131rm\u0131z\u0131 kadifenin a\u011f\u0131rba\u015fl\u0131l\u0131\u011f\u0131 ve alt\u0131n varakl\u0131 detaylarla kendinizi bir sultan gibi hissedece\u011finiz tasar\u0131mlar.<\/li>\n\n\n\n<li><strong>Modern &amp; Bohem Konsept:<\/strong> Beyaz ve pastel tonlar\u0131n hakim oldu\u011fu, daha sade ama bir o kadar \u015f\u0131k dekorlar.<\/li>\n<\/ul>\n\n\n\n<p><strong>Ayr\u0131ca<\/strong>, se\u00e7ti\u011finiz konseptin t\u00fcm par\u00e7alar\u0131 (taht, minderler, sehpalar ve arka plan) birbiriyle tam uyum i\u00e7erisindedir.<\/p>\n\n\n\n<figure class=\"wp-block-image size-large\"><img loading=\"lazy\" decoding=\"async\" width=\"1024\" height=\"768\" src=\"https:\/\/www.kinatahtikiralama.com\/wp-content\/uploads\/2025\/12\/kina-konsepti-kiralama-1024x768.jpg\" alt=\"\" class=\"wp-image-1446\" srcset=\"https:\/\/www.kinatahtikiralama.com\/wp-content\/uploads\/2025\/12\/kina-konsepti-kiralama-1024x768.jpg 1024w, https:\/\/www.kinatahtikiralama.com\/wp-content\/uploads\/2025\/12\/kina-konsepti-kiralama-300x225.jpg 300w, https:\/\/www.kinatahtikiralama.com\/wp-content\/uploads\/2025\/12\/kina-konsepti-kiralama-768x576.jpg 768w, https:\/\/www.kinatahtikiralama.com\/wp-content\/uploads\/2025\/12\/kina-konsepti-kiralama.jpg 1365w\" sizes=\"auto, (max-width: 1024px) 100vw, 1024px\" \/><\/figure>\n\n\n\n<h3 class=\"wp-block-heading\">Neden Profesyonel Konsept Kiralamay\u0131 Tercih Etmelisiniz?<\/h3>\n\n\n\n<p>Kendi ba\u015f\u0131n\u0131za dekorasyon haz\u0131rlamak hem zaman al\u0131c\u0131 hem de maliyetli olabilir. <strong>Buna kar\u015f\u0131n<\/strong>, profesyonel bir hizmet almak size hem zaman kazand\u0131r\u0131r hem de g\u00f6rsel kusursuzlu\u011fu garanti eder.<\/p>\n\n\n\n<ol start=\"1\" class=\"wp-block-list\">\n<li><strong>B\u00fct\u00fcnsel Estetik:<\/strong> T\u00fcm ekipmanlar birbiriyle uyumlu oldu\u011fu i\u00e7in mekan\u0131n her k\u00f6\u015fesinde bir g\u00f6rsel \u015f\u00f6len olu\u015fur.<\/li>\n\n\n\n<li><strong>Lojistik Kolayl\u0131k:<\/strong> \u0130stanbul&#8217;un her noktas\u0131na, ister Avrupa ister Anadolu yakas\u0131 olsun, t\u00fcm kurulum s\u00fcre\u00e7lerini biz y\u00f6netiyoruz.<\/li>\n\n\n\n<li><strong>Ekonomik \u00c7\u00f6z\u00fcmler:<\/strong> <strong>Sonu\u00e7 olarak<\/strong>, sat\u0131n alma maliyeti yerine kiralama yaparak \u00e7ok daha l\u00fcks bir g\u00f6r\u00fcn\u00fcme uygun fiyatlarla sahip olabilirsiniz.<\/li>\n<\/ol>\n\n\n\n<h3 class=\"wp-block-heading\">\u0130stanbul\u2019un Her Yerinde Hizmetinizdeyiz<\/h3>\n\n\n\n<p><strong>K\u0131sacas\u0131<\/strong>, siz sadece misafirlerinizle bu \u00f6zel gecenin tad\u0131n\u0131 \u00e7\u0131karmaya odaklan\u0131n. Biz, en ince ayr\u0131nt\u0131s\u0131na kadar planlanm\u0131\u015f <strong>k\u0131na konsepti kiralama<\/strong> paketlerimizle mekan\u0131n\u0131z\u0131 bir masal sahnesine d\u00f6n\u00fc\u015ft\u00fcrelim. <strong>B\u00f6ylelikle<\/strong>, y\u0131llar sonra foto\u011fraflara bakt\u0131\u011f\u0131n\u0131zda o geceyi hep ayn\u0131 heyecanla hat\u0131rlayacaks\u0131n\u0131z.<\/p>\n\n\n\n<blockquote class=\"wp-block-quote is-layout-flow wp-block-quote-is-layout-flow\">\n<p><strong>Hemen Rezervasyon Yap\u0131n!<\/strong> \u0130stanbul genelinde verdi\u011fimiz kiralama hizmetleri hakk\u0131nda detayl\u0131 bilgi almak ve takviminizi netle\u015ftirmek i\u00e7in bize ula\u015f\u0131n.<\/p>\n\n\n\n<p><strong>Telefon:<\/strong> 0544 328 09 42<\/p>\n<\/blockquote>\n","protected":false},"excerpt":{"rendered":"<p>\u0130stanbul K\u0131na Arka Plan Kiralama ve K\u0131na Koltu\u011fu Kiralama: G\u00f6rkemli Bir Geceye Haz\u0131r M\u0131s\u0131n\u0131z? \u0130stanbul K\u0131na Arka Plan kiralama K\u0131na gecesi organizasyonlar\u0131n\u0131n ruhunu belirleyen en temel iki unsur; gelinin oturdu\u011fu o g\u00f6rkemli koltuk ve foto\u011fraflarda derinlik yaratan \u015f\u0131k arka pland\u0131r. \u00d6zellikle son y\u0131llarda dekorasyonda g\u00f6rselli\u011fin \u00f6n plana \u00e7\u0131kmas\u0131yla birlikte, k\u0131na arka plan kiralama hizmeti gelin [&hellip;]<\/p>\n","protected":false},"author":1,"featured_media":0,"comment_status":"open","ping_status":"open","sticky":false,"template":"","format":"standard","meta":{"_joinchat":[],"footnotes":""},"categories":[1],"tags":[],"class_list":["post-1444","post","type-post","status-publish","format-standard","hentry","category-ana-menu"],"yoast_head":"<!-- This site is optimized with the Yoast SEO plugin v26.7 - https:\/\/yoast.com\/wordpress\/plugins\/seo\/ -->\n<title>\u0130stanbul K\u0131na Arka Plan kiralama - K\u0131na Taht\u0131 Kiralama<\/title>\n<meta name=\"description\" content=\"\u0130stanbul K\u0131na Arka Plan kiralama - K\u0131na Taht\u0131 Kiralama - k\u0131na taht\u0131 kiralama fiyatlar\u0131 - K\u0131na konsepti Kiralama\" \/>\n<meta name=\"robots\" content=\"index, follow, max-snippet:-1, max-image-preview:large, max-video-preview:-1\" \/>\n<link rel=\"canonical\" href=\"https:\/\/www.kinatahtikiralama.com\/index.php\/2025\/12\/20\/istanbul-kina-arka-plan-kiralama\/\" \/>\n<meta property=\"og:locale\" content=\"tr_TR\" \/>\n<meta property=\"og:type\" content=\"article\" \/>\n<meta property=\"og:title\" content=\"\u0130stanbul K\u0131na Arka Plan kiralama - K\u0131na Taht\u0131 Kiralama\" \/>\n<meta property=\"og:description\" content=\"\u0130stanbul K\u0131na Arka Plan kiralama - K\u0131na Taht\u0131 Kiralama - k\u0131na taht\u0131 kiralama fiyatlar\u0131 - K\u0131na konsepti Kiralama\" \/>\n<meta property=\"og:url\" content=\"https:\/\/www.kinatahtikiralama.com\/index.php\/2025\/12\/20\/istanbul-kina-arka-plan-kiralama\/\" \/>\n<meta property=\"og:site_name\" content=\"K\u0131na Taht\u0131 Kiralama\" \/>\n<meta property=\"article:published_time\" content=\"2025-12-20T11:26:23+00:00\" \/>\n<meta property=\"article:modified_time\" content=\"2025-12-20T11:26:24+00:00\" \/>\n<meta property=\"og:image\" content=\"https:\/\/www.kinatahtikiralama.com\/wp-content\/uploads\/2025\/08\/kina-tahti.jpg\" \/>\n\t<meta property=\"og:image:width\" content=\"1333\" \/>\n\t<meta property=\"og:image:height\" content=\"1000\" \/>\n\t<meta property=\"og:image:type\" content=\"image\/jpeg\" \/>\n<meta name=\"author\" content=\"0544 328 0942\" \/>\n<meta name=\"twitter:card\" content=\"summary_large_image\" \/>\n<meta name=\"twitter:label1\" content=\"Yazan:\" \/>\n\t<meta name=\"twitter:data1\" content=\"0544 328 0942\" \/>\n\t<meta name=\"twitter:label2\" content=\"Tahmini okuma s\u00fcresi\" \/>\n\t<meta name=\"twitter:data2\" content=\"5 dakika\" \/>\n<script type=\"application\/ld+json\" class=\"yoast-schema-graph\">{\"@context\":\"https:\/\/schema.org\",\"@graph\":[{\"@type\":\"Article\",\"@id\":\"https:\/\/www.kinatahtikiralama.com\/index.php\/2025\/12\/20\/istanbul-kina-arka-plan-kiralama\/#article\",\"isPartOf\":{\"@id\":\"https:\/\/www.kinatahtikiralama.com\/index.php\/2025\/12\/20\/istanbul-kina-arka-plan-kiralama\/\"},\"author\":{\"name\":\"0544 328 0942\",\"@id\":\"https:\/\/www.kinatahtikiralama.com\/#\/schema\/person\/a5105ab7da09bcb820c6b4ff667987d5\"},\"headline\":\"\u0130stanbul K\u0131na Arka Plan kiralama\",\"datePublished\":\"2025-12-20T11:26:23+00:00\",\"dateModified\":\"2025-12-20T11:26:24+00:00\",\"mainEntityOfPage\":{\"@id\":\"https:\/\/www.kinatahtikiralama.com\/index.php\/2025\/12\/20\/istanbul-kina-arka-plan-kiralama\/\"},\"wordCount\":886,\"commentCount\":0,\"publisher\":{\"@id\":\"https:\/\/www.kinatahtikiralama.com\/#organization\"},\"image\":{\"@id\":\"https:\/\/www.kinatahtikiralama.com\/index.php\/2025\/12\/20\/istanbul-kina-arka-plan-kiralama\/#primaryimage\"},\"thumbnailUrl\":\"https:\/\/www.kinatahtikiralama.com\/wp-content\/uploads\/2025\/08\/kina-tahti-1024x768.jpg\",\"articleSection\":[\"Ana Men\u00fc\"],\"inLanguage\":\"tr\",\"potentialAction\":[{\"@type\":\"CommentAction\",\"name\":\"Comment\",\"target\":[\"https:\/\/www.kinatahtikiralama.com\/index.php\/2025\/12\/20\/istanbul-kina-arka-plan-kiralama\/#respond\"]}]},{\"@type\":\"WebPage\",\"@id\":\"https:\/\/www.kinatahtikiralama.com\/index.php\/2025\/12\/20\/istanbul-kina-arka-plan-kiralama\/\",\"url\":\"https:\/\/www.kinatahtikiralama.com\/index.php\/2025\/12\/20\/istanbul-kina-arka-plan-kiralama\/\",\"name\":\"\u0130stanbul K\u0131na Arka Plan kiralama - K\u0131na Taht\u0131 Kiralama\",\"isPartOf\":{\"@id\":\"https:\/\/www.kinatahtikiralama.com\/#website\"},\"primaryImageOfPage\":{\"@id\":\"https:\/\/www.kinatahtikiralama.com\/index.php\/2025\/12\/20\/istanbul-kina-arka-plan-kiralama\/#primaryimage\"},\"image\":{\"@id\":\"https:\/\/www.kinatahtikiralama.com\/index.php\/2025\/12\/20\/istanbul-kina-arka-plan-kiralama\/#primaryimage\"},\"thumbnailUrl\":\"https:\/\/www.kinatahtikiralama.com\/wp-content\/uploads\/2025\/08\/kina-tahti-1024x768.jpg\",\"datePublished\":\"2025-12-20T11:26:23+00:00\",\"dateModified\":\"2025-12-20T11:26:24+00:00\",\"description\":\"\u0130stanbul K\u0131na Arka Plan kiralama - K\u0131na Taht\u0131 Kiralama - k\u0131na taht\u0131 kiralama fiyatlar\u0131 - K\u0131na konsepti Kiralama\",\"breadcrumb\":{\"@id\":\"https:\/\/www.kinatahtikiralama.com\/index.php\/2025\/12\/20\/istanbul-kina-arka-plan-kiralama\/#breadcrumb\"},\"inLanguage\":\"tr\",\"potentialAction\":[{\"@type\":\"ReadAction\",\"target\":[\"https:\/\/www.kinatahtikiralama.com\/index.php\/2025\/12\/20\/istanbul-kina-arka-plan-kiralama\/\"]}]},{\"@type\":\"ImageObject\",\"inLanguage\":\"tr\",\"@id\":\"https:\/\/www.kinatahtikiralama.com\/index.php\/2025\/12\/20\/istanbul-kina-arka-plan-kiralama\/#primaryimage\",\"url\":\"https:\/\/www.kinatahtikiralama.com\/wp-content\/uploads\/2025\/08\/kina-tahti.jpg\",\"contentUrl\":\"https:\/\/www.kinatahtikiralama.com\/wp-content\/uploads\/2025\/08\/kina-tahti.jpg\",\"width\":1333,\"height\":1000},{\"@type\":\"BreadcrumbList\",\"@id\":\"https:\/\/www.kinatahtikiralama.com\/index.php\/2025\/12\/20\/istanbul-kina-arka-plan-kiralama\/#breadcrumb\",\"itemListElement\":[{\"@type\":\"ListItem\",\"position\":1,\"name\":\"Ana sayfa\",\"item\":\"https:\/\/www.kinatahtikiralama.com\/\"},{\"@type\":\"ListItem\",\"position\":2,\"name\":\"\u0130stanbul K\u0131na Arka Plan kiralama\"}]},{\"@type\":\"WebSite\",\"@id\":\"https:\/\/www.kinatahtikiralama.com\/#website\",\"url\":\"https:\/\/www.kinatahtikiralama.com\/\",\"name\":\"K\u0131na Taht\u0131 Kiralama\",\"description\":\"K\u0131na Taht\u0131 Kiralama \u0130stanbul\",\"publisher\":{\"@id\":\"https:\/\/www.kinatahtikiralama.com\/#organization\"},\"potentialAction\":[{\"@type\":\"SearchAction\",\"target\":{\"@type\":\"EntryPoint\",\"urlTemplate\":\"https:\/\/www.kinatahtikiralama.com\/?s={search_term_string}\"},\"query-input\":{\"@type\":\"PropertyValueSpecification\",\"valueRequired\":true,\"valueName\":\"search_term_string\"}}],\"inLanguage\":\"tr\"},{\"@type\":\"Organization\",\"@id\":\"https:\/\/www.kinatahtikiralama.com\/#organization\",\"name\":\"K\u0131na Taht\u0131 Kiralama\",\"url\":\"https:\/\/www.kinatahtikiralama.com\/\",\"logo\":{\"@type\":\"ImageObject\",\"inLanguage\":\"tr\",\"@id\":\"https:\/\/www.kinatahtikiralama.com\/#\/schema\/logo\/image\/\",\"url\":\"https:\/\/www.kinatahtikiralama.com\/wp-content\/uploads\/2025\/09\/cropped-cropped-200.jpg\",\"contentUrl\":\"https:\/\/www.kinatahtikiralama.com\/wp-content\/uploads\/2025\/09\/cropped-cropped-200.jpg\",\"width\":137,\"height\":137,\"caption\":\"K\u0131na Taht\u0131 Kiralama\"},\"image\":{\"@id\":\"https:\/\/www.kinatahtikiralama.com\/#\/schema\/logo\/image\/\"}},{\"@type\":\"Person\",\"@id\":\"https:\/\/www.kinatahtikiralama.com\/#\/schema\/person\/a5105ab7da09bcb820c6b4ff667987d5\",\"name\":\"0544 328 0942\",\"image\":{\"@type\":\"ImageObject\",\"inLanguage\":\"tr\",\"@id\":\"https:\/\/www.kinatahtikiralama.com\/#\/schema\/person\/image\/\",\"url\":\"https:\/\/secure.gravatar.com\/avatar\/7ab6bbe5c1c25a2737f227b69821c721e3b14ff6667aac170b8cb10a5f0b7cde?s=96&d=mm&r=g\",\"contentUrl\":\"https:\/\/secure.gravatar.com\/avatar\/7ab6bbe5c1c25a2737f227b69821c721e3b14ff6667aac170b8cb10a5f0b7cde?s=96&d=mm&r=g\",\"caption\":\"0544 328 0942\"},\"sameAs\":[\"http:\/\/www.kinatahtikiralama.com\"],\"url\":\"https:\/\/www.kinatahtikiralama.com\/index.php\/author\/admin\/\"}]}<\/script>\n<!-- \/ Yoast SEO plugin. -->","yoast_head_json":{"title":"\u0130stanbul K\u0131na Arka Plan kiralama - K\u0131na Taht\u0131 Kiralama","description":"\u0130stanbul K\u0131na Arka Plan kiralama - K\u0131na Taht\u0131 Kiralama - k\u0131na taht\u0131 kiralama fiyatlar\u0131 - K\u0131na konsepti Kiralama","robots":{"index":"index","follow":"follow","max-snippet":"max-snippet:-1","max-image-preview":"max-image-preview:large","max-video-preview":"max-video-preview:-1"},"canonical":"https:\/\/www.kinatahtikiralama.com\/index.php\/2025\/12\/20\/istanbul-kina-arka-plan-kiralama\/","og_locale":"tr_TR","og_type":"article","og_title":"\u0130stanbul K\u0131na Arka Plan kiralama - K\u0131na Taht\u0131 Kiralama","og_description":"\u0130stanbul K\u0131na Arka Plan kiralama - K\u0131na Taht\u0131 Kiralama - k\u0131na taht\u0131 kiralama fiyatlar\u0131 - K\u0131na konsepti Kiralama","og_url":"https:\/\/www.kinatahtikiralama.com\/index.php\/2025\/12\/20\/istanbul-kina-arka-plan-kiralama\/","og_site_name":"K\u0131na Taht\u0131 Kiralama","article_published_time":"2025-12-20T11:26:23+00:00","article_modified_time":"2025-12-20T11:26:24+00:00","og_image":[{"width":1333,"height":1000,"url":"https:\/\/www.kinatahtikiralama.com\/wp-content\/uploads\/2025\/08\/kina-tahti.jpg","type":"image\/jpeg"}],"author":"0544 328 0942","twitter_card":"summary_large_image","twitter_misc":{"Yazan:":"0544 328 0942","Tahmini okuma s\u00fcresi":"5 dakika"},"schema":{"@context":"https:\/\/schema.org","@graph":[{"@type":"Article","@id":"https:\/\/www.kinatahtikiralama.com\/index.php\/2025\/12\/20\/istanbul-kina-arka-plan-kiralama\/#article","isPartOf":{"@id":"https:\/\/www.kinatahtikiralama.com\/index.php\/2025\/12\/20\/istanbul-kina-arka-plan-kiralama\/"},"author":{"name":"0544 328 0942","@id":"https:\/\/www.kinatahtikiralama.com\/#\/schema\/person\/a5105ab7da09bcb820c6b4ff667987d5"},"headline":"\u0130stanbul K\u0131na Arka Plan kiralama","datePublished":"2025-12-20T11:26:23+00:00","dateModified":"2025-12-20T11:26:24+00:00","mainEntityOfPage":{"@id":"https:\/\/www.kinatahtikiralama.com\/index.php\/2025\/12\/20\/istanbul-kina-arka-plan-kiralama\/"},"wordCount":886,"commentCount":0,"publisher":{"@id":"https:\/\/www.kinatahtikiralama.com\/#organization"},"image":{"@id":"https:\/\/www.kinatahtikiralama.com\/index.php\/2025\/12\/20\/istanbul-kina-arka-plan-kiralama\/#primaryimage"},"thumbnailUrl":"https:\/\/www.kinatahtikiralama.com\/wp-content\/uploads\/2025\/08\/kina-tahti-1024x768.jpg","articleSection":["Ana Men\u00fc"],"inLanguage":"tr","potentialAction":[{"@type":"CommentAction","name":"Comment","target":["https:\/\/www.kinatahtikiralama.com\/index.php\/2025\/12\/20\/istanbul-kina-arka-plan-kiralama\/#respond"]}]},{"@type":"WebPage","@id":"https:\/\/www.kinatahtikiralama.com\/index.php\/2025\/12\/20\/istanbul-kina-arka-plan-kiralama\/","url":"https:\/\/www.kinatahtikiralama.com\/index.php\/2025\/12\/20\/istanbul-kina-arka-plan-kiralama\/","name":"\u0130stanbul K\u0131na Arka Plan kiralama - K\u0131na Taht\u0131 Kiralama","isPartOf":{"@id":"https:\/\/www.kinatahtikiralama.com\/#website"},"primaryImageOfPage":{"@id":"https:\/\/www.kinatahtikiralama.com\/index.php\/2025\/12\/20\/istanbul-kina-arka-plan-kiralama\/#primaryimage"},"image":{"@id":"https:\/\/www.kinatahtikiralama.com\/index.php\/2025\/12\/20\/istanbul-kina-arka-plan-kiralama\/#primaryimage"},"thumbnailUrl":"https:\/\/www.kinatahtikiralama.com\/wp-content\/uploads\/2025\/08\/kina-tahti-1024x768.jpg","datePublished":"2025-12-20T11:26:23+00:00","dateModified":"2025-12-20T11:26:24+00:00","description":"\u0130stanbul K\u0131na Arka Plan kiralama - K\u0131na Taht\u0131 Kiralama - k\u0131na taht\u0131 kiralama fiyatlar\u0131 - K\u0131na konsepti Kiralama","breadcrumb":{"@id":"https:\/\/www.kinatahtikiralama.com\/index.php\/2025\/12\/20\/istanbul-kina-arka-plan-kiralama\/#breadcrumb"},"inLanguage":"tr","potentialAction":[{"@type":"ReadAction","target":["https:\/\/www.kinatahtikiralama.com\/index.php\/2025\/12\/20\/istanbul-kina-arka-plan-kiralama\/"]}]},{"@type":"ImageObject","inLanguage":"tr","@id":"https:\/\/www.kinatahtikiralama.com\/index.php\/2025\/12\/20\/istanbul-kina-arka-plan-kiralama\/#primaryimage","url":"https:\/\/www.kinatahtikiralama.com\/wp-content\/uploads\/2025\/08\/kina-tahti.jpg","contentUrl":"https:\/\/www.kinatahtikiralama.com\/wp-content\/uploads\/2025\/08\/kina-tahti.jpg","width":1333,"height":1000},{"@type":"BreadcrumbList","@id":"https:\/\/www.kinatahtikiralama.com\/index.php\/2025\/12\/20\/istanbul-kina-arka-plan-kiralama\/#breadcrumb","itemListElement":[{"@type":"ListItem","position":1,"name":"Ana sayfa","item":"https:\/\/www.kinatahtikiralama.com\/"},{"@type":"ListItem","position":2,"name":"\u0130stanbul K\u0131na Arka Plan kiralama"}]},{"@type":"WebSite","@id":"https:\/\/www.kinatahtikiralama.com\/#website","url":"https:\/\/www.kinatahtikiralama.com\/","name":"K\u0131na Taht\u0131 Kiralama","description":"K\u0131na Taht\u0131 Kiralama \u0130stanbul","publisher":{"@id":"https:\/\/www.kinatahtikiralama.com\/#organization"},"potentialAction":[{"@type":"SearchAction","target":{"@type":"EntryPoint","urlTemplate":"https:\/\/www.kinatahtikiralama.com\/?s={search_term_string}"},"query-input":{"@type":"PropertyValueSpecification","valueRequired":true,"valueName":"search_term_string"}}],"inLanguage":"tr"},{"@type":"Organization","@id":"https:\/\/www.kinatahtikiralama.com\/#organization","name":"K\u0131na Taht\u0131 Kiralama","url":"https:\/\/www.kinatahtikiralama.com\/","logo":{"@type":"ImageObject","inLanguage":"tr","@id":"https:\/\/www.kinatahtikiralama.com\/#\/schema\/logo\/image\/","url":"https:\/\/www.kinatahtikiralama.com\/wp-content\/uploads\/2025\/09\/cropped-cropped-200.jpg","contentUrl":"https:\/\/www.kinatahtikiralama.com\/wp-content\/uploads\/2025\/09\/cropped-cropped-200.jpg","width":137,"height":137,"caption":"K\u0131na Taht\u0131 Kiralama"},"image":{"@id":"https:\/\/www.kinatahtikiralama.com\/#\/schema\/logo\/image\/"}},{"@type":"Person","@id":"https:\/\/www.kinatahtikiralama.com\/#\/schema\/person\/a5105ab7da09bcb820c6b4ff667987d5","name":"0544 328 0942","image":{"@type":"ImageObject","inLanguage":"tr","@id":"https:\/\/www.kinatahtikiralama.com\/#\/schema\/person\/image\/","url":"https:\/\/secure.gravatar.com\/avatar\/7ab6bbe5c1c25a2737f227b69821c721e3b14ff6667aac170b8cb10a5f0b7cde?s=96&d=mm&r=g","contentUrl":"https:\/\/secure.gravatar.com\/avatar\/7ab6bbe5c1c25a2737f227b69821c721e3b14ff6667aac170b8cb10a5f0b7cde?s=96&d=mm&r=g","caption":"0544 328 0942"},"sameAs":["http:\/\/www.kinatahtikiralama.com"],"url":"https:\/\/www.kinatahtikiralama.com\/index.php\/author\/admin\/"}]}},"_links":{"self":[{"href":"https:\/\/www.kinatahtikiralama.com\/index.php\/wp-json\/wp\/v2\/posts\/1444","targetHints":{"allow":["GET"]}}],"collection":[{"href":"https:\/\/www.kinatahtikiralama.com\/index.php\/wp-json\/wp\/v2\/posts"}],"about":[{"href":"https:\/\/www.kinatahtikiralama.com\/index.php\/wp-json\/wp\/v2\/types\/post"}],"author":[{"embeddable":true,"href":"https:\/\/www.kinatahtikiralama.com\/index.php\/wp-json\/wp\/v2\/users\/1"}],"replies":[{"embeddable":true,"href":"https:\/\/www.kinatahtikiralama.com\/index.php\/wp-json\/wp\/v2\/comments?post=1444"}],"version-history":[{"count":1,"href":"https:\/\/www.kinatahtikiralama.com\/index.php\/wp-json\/wp\/v2\/posts\/1444\/revisions"}],"predecessor-version":[{"id":1447,"href":"https:\/\/www.kinatahtikiralama.com\/index.php\/wp-json\/wp\/v2\/posts\/1444\/revisions\/1447"}],"wp:attachment":[{"href":"https:\/\/www.kinatahtikiralama.com\/index.php\/wp-json\/wp\/v2\/media?parent=1444"}],"wp:term":[{"taxonomy":"category","embeddable":true,"href":"https:\/\/www.kinatahtikiralama.com\/index.php\/wp-json\/wp\/v2\/categories?post=1444"},{"taxonomy":"post_tag","embeddable":true,"href":"https:\/\/www.kinatahtikiralama.com\/index.php\/wp-json\/wp\/v2\/tags?post=1444"}],"curies":[{"name":"wp","href":"https:\/\/api.w.org\/{rel}","templated":true}]}}